{"id":353,"date":"2023-12-22T17:30:05","date_gmt":"2023-12-22T17:30:05","guid":{"rendered":"https:\/\/entdecke-die-natur.org\/?p=353"},"modified":"2023-12-22T17:30:07","modified_gmt":"2023-12-22T17:30:07","slug":"frohe-festtage","status":"publish","type":"post","link":"http:\/\/entdecke-die-natur.org\/?p=353","title":{"rendered":"Frohe Festtage!"},"content":{"rendered":"\n<figure class=\"wp-block-image size-large\"><img loading=\"lazy\" width=\"1024\" height=\"1024\" src=\"https:\/\/entdecke-die-natur.org\/wp-content\/uploads\/2023\/12\/IMG_20231222_144822_747-1024x1024.webp\" alt=\"\" class=\"wp-image-354\" srcset=\"http:\/\/entdecke-die-natur.org\/wp-content\/uploads\/2023\/12\/IMG_20231222_144822_747-1024x1024.webp 1024w, http:\/\/entdecke-die-natur.org\/wp-content\/uploads\/2023\/12\/IMG_20231222_144822_747-300x300.webp 300w, http:\/\/entdecke-die-natur.org\/wp-content\/uploads\/2023\/12\/IMG_20231222_144822_747-150x150.webp 150w, http:\/\/entdecke-die-natur.org\/wp-content\/uploads\/2023\/12\/IMG_20231222_144822_747-768x768.webp 768w, http:\/\/entdecke-die-natur.org\/wp-content\/uploads\/2023\/12\/IMG_20231222_144822_747-676x676.webp 676w, http:\/\/entdecke-die-natur.org\/wp-content\/uploads\/2023\/12\/IMG_20231222_144822_747.webp 1440w\" sizes=\"(max-width: 1024px) 100vw, 1024px\" \/><\/figure>\n\n\n\n<p>Der Verein Entdecke die Natur e.V. und der Waldkindergarten Haibach w\u00fcschen allen ruhige und entspannte Feiertage mit der Gelegenheit, Familie, Freunde und sich selbst mit sch\u00f6nen gemeinsamen Stunden zu beschenken.<\/p>\n\n\n\n<p>F\u00fcr das kommende Jahr w\u00fcnschen wir vor allem Gesundheit und Zufriedenheit!<\/p>\n\n\n\n<figure class=\"wp-block-image size-large\"><img loading=\"lazy\" width=\"1024\" height=\"1016\" src=\"https:\/\/entdecke-die-natur.org\/wp-content\/uploads\/2023\/12\/Screenshot_20231222-182930_Instagram-1024x1016.jpg\" alt=\"\" class=\"wp-image-355\" srcset=\"http:\/\/entdecke-die-natur.org\/wp-content\/uploads\/2023\/12\/Screenshot_20231222-182930_Instagram-1024x1016.jpg 1024w, http:\/\/entdecke-die-natur.org\/wp-content\/uploads\/2023\/12\/Screenshot_20231222-182930_Instagram-300x298.jpg 300w, http:\/\/entdecke-die-natur.org\/wp-content\/uploads\/2023\/12\/Screenshot_20231222-182930_Instagram-150x150.jpg 150w, http:\/\/entdecke-die-natur.org\/wp-content\/uploads\/2023\/12\/Screenshot_20231222-182930_Instagram-768x762.jpg 768w, http:\/\/entdecke-die-natur.org\/wp-content\/uploads\/2023\/12\/Screenshot_20231222-182930_Instagram-676x671.jpg 676w, http:\/\/entdecke-die-natur.org\/wp-content\/uploads\/2023\/12\/Screenshot_20231222-182930_Instagram.jpg 1080w\" sizes=\"(max-width: 1024px) 100vw, 1024px\" \/><\/figure>\n","protected":false},"excerpt":{"rendered":"<p>Der Verein Entdecke die Natur e.V. und der Waldkindergarten Haibach w\u00fcschen allen ruhige und entspannte Feiertage mit der Gelegenheit, Familie, Freunde und sich selbst mit sch\u00f6nen gemeinsamen Stunden zu beschenken. F\u00fcr das kommende Jahr w\u00fcnschen wir vor allem Gesundheit und Zufriedenheit!<\/p>\n","protected":false},"author":5,"featured_media":0,"comment_status":"open","ping_status":"open","sticky":false,"template":"","format":"standard","meta":[],"categories":[1],"tags":[],"_links":{"self":[{"href":"http:\/\/entdecke-die-natur.org\/index.php?rest_route=\/wp\/v2\/posts\/353"}],"collection":[{"href":"http:\/\/entdecke-die-natur.org\/index.php?rest_route=\/wp\/v2\/posts"}],"about":[{"href":"http:\/\/entdecke-die-natur.org\/index.php?rest_route=\/wp\/v2\/types\/post"}],"author":[{"embeddable":true,"href":"http:\/\/entdecke-die-natur.org\/index.php?rest_route=\/wp\/v2\/users\/5"}],"replies":[{"embeddable":true,"href":"http:\/\/entdecke-die-natur.org\/index.php?rest_route=%2Fwp%2Fv2%2Fcomments&post=353"}],"version-history":[{"count":1,"href":"http:\/\/entdecke-die-natur.org\/index.php?rest_route=\/wp\/v2\/posts\/353\/revisions"}],"predecessor-version":[{"id":356,"href":"http:\/\/entdecke-die-natur.org\/index.php?rest_route=\/wp\/v2\/posts\/353\/revisions\/356"}],"wp:attachment":[{"href":"http:\/\/entdecke-die-natur.org\/index.php?rest_route=%2Fwp%2Fv2%2Fmedia&parent=353"}],"wp:term":[{"taxonomy":"category","embeddable":true,"href":"http:\/\/entdecke-die-natur.org\/index.php?rest_route=%2Fwp%2Fv2%2Fcategories&post=353"},{"taxonomy":"post_tag","embeddable":true,"href":"http:\/\/entdecke-die-natur.org\/index.php?rest_route=%2Fwp%2Fv2%2Ftags&post=353"}],"curies":[{"name":"wp","href":"https:\/\/api.w.org\/{rel}","templated":true}]}}