{"id":314,"date":"2023-03-20T19:50:13","date_gmt":"2023-03-20T19:50:13","guid":{"rendered":"http:\/\/entdecke-die-natur.org\/?p=314"},"modified":"2023-03-20T19:50:14","modified_gmt":"2023-03-20T19:50:14","slug":"aktion-sauberer-landkreis","status":"publish","type":"post","link":"http:\/\/entdecke-die-natur.org\/?p=314","title":{"rendered":"Aktion Sauberer Landkreis\u00a0"},"content":{"rendered":"\n<p>Auch in diesem Jahr nehmen wir wieder mit Kindergarten und Verein an der Aktion Sauberer Landkreis teil. Wir treffen uns um <a href=\"calendar:T1:08:15 \">08:15 <\/a>an der Alten Schule.<br>Ehemalige Kindergartenkinder, ihre Eltern und auch zuk\u00fcnftige sowie interessierte Eltern sowie am Verein und dem Naturschutz Interessierte sind herzlich willkommen, uns bei der S\u00e4uberung &#8220;unserer&#8221; Schweiz zu helfen. W\u00e4hrend des Vormittags und auch bei der gemeinsamen anschlie\u00dfenden Vesper gibt es zahlreiche M\u00f6glichkeiten, sich kennen zu lernen und auszutauschen.<\/p>\n\n\n\n<p>Wir freuen uns auf eine zahlreiche Teilnahme, um zusammen zu einer saubereren Natur in unserer unmittelbaren Umwelt beizutragen.<\/p>\n\n\n\n<figure class=\"wp-block-image size-full\"><img loading=\"lazy\" width=\"1024\" height=\"768\" src=\"http:\/\/entdecke-die-natur.org\/wp-content\/uploads\/2023\/03\/ASL_2021-edited-1024x768-2.jpg\" alt=\"\" class=\"wp-image-316\" srcset=\"http:\/\/entdecke-die-natur.org\/wp-content\/uploads\/2023\/03\/ASL_2021-edited-1024x768-2.jpg 1024w, http:\/\/entdecke-die-natur.org\/wp-content\/uploads\/2023\/03\/ASL_2021-edited-1024x768-2-300x225.jpg 300w, http:\/\/entdecke-die-natur.org\/wp-content\/uploads\/2023\/03\/ASL_2021-edited-1024x768-2-768x576.jpg 768w, http:\/\/entdecke-die-natur.org\/wp-content\/uploads\/2023\/03\/ASL_2021-edited-1024x768-2-676x507.jpg 676w\" sizes=\"(max-width: 1024px) 100vw, 1024px\" \/><figcaption>Aktion Sauberer Landkreis 2022<\/figcaption><\/figure>\n\n\n\n<p><\/p>\n","protected":false},"excerpt":{"rendered":"<p>Auch in diesem Jahr nehmen wir wieder mit Kindergarten und Verein an der Aktion Sauberer Landkreis teil. Wir treffen uns um 08:15 an der Alten Schule.Ehemalige Kindergartenkinder, ihre Eltern und auch zuk\u00fcnftige sowie interessierte Eltern sowie am Verein und dem Naturschutz Interessierte sind herzlich willkommen, uns bei der S\u00e4uberung &#8220;unserer&#8221; Schweiz zu helfen. W\u00e4hrend des [&hellip;]<\/p>\n","protected":false},"author":5,"featured_media":0,"comment_status":"open","ping_status":"open","sticky":false,"template":"","format":"standard","meta":[],"categories":[1],"tags":[],"_links":{"self":[{"href":"http:\/\/entdecke-die-natur.org\/index.php?rest_route=\/wp\/v2\/posts\/314"}],"collection":[{"href":"http:\/\/entdecke-die-natur.org\/index.php?rest_route=\/wp\/v2\/posts"}],"about":[{"href":"http:\/\/entdecke-die-natur.org\/index.php?rest_route=\/wp\/v2\/types\/post"}],"author":[{"embeddable":true,"href":"http:\/\/entdecke-die-natur.org\/index.php?rest_route=\/wp\/v2\/users\/5"}],"replies":[{"embeddable":true,"href":"http:\/\/entdecke-die-natur.org\/index.php?rest_route=%2Fwp%2Fv2%2Fcomments&post=314"}],"version-history":[{"count":1,"href":"http:\/\/entdecke-die-natur.org\/index.php?rest_route=\/wp\/v2\/posts\/314\/revisions"}],"predecessor-version":[{"id":317,"href":"http:\/\/entdecke-die-natur.org\/index.php?rest_route=\/wp\/v2\/posts\/314\/revisions\/317"}],"wp:attachment":[{"href":"http:\/\/entdecke-die-natur.org\/index.php?rest_route=%2Fwp%2Fv2%2Fmedia&parent=314"}],"wp:term":[{"taxonomy":"category","embeddable":true,"href":"http:\/\/entdecke-die-natur.org\/index.php?rest_route=%2Fwp%2Fv2%2Fcategories&post=314"},{"taxonomy":"post_tag","embeddable":true,"href":"http:\/\/entdecke-die-natur.org\/index.php?rest_route=%2Fwp%2Fv2%2Ftags&post=314"}],"curies":[{"name":"wp","href":"https:\/\/api.w.org\/{rel}","templated":true}]}}